{"id":544,"date":"2021-09-01T20:22:34","date_gmt":"2021-09-01T20:22:34","guid":{"rendered":"https:\/\/www.trio-a-due.de\/?p=544"},"modified":"2021-09-01T20:31:15","modified_gmt":"2021-09-01T20:31:15","slug":"zoom-gesangs-workshop-am-dienstag-07-09-2021-18-00h-18-15h-stimmbildungs-einheit-18-20h-19-00h-herzlich-tut-mich-erfreuen-die-froehlich-sommerzeit","status":"publish","type":"post","link":"https:\/\/www.trio-a-due.de\/?p=544","title":{"rendered":"ZOOM-Gesangs-Workshop am Dienstag, 07.09.2021:  18.00h-18.15h Stimmbildungs-Einheit, 18.20h- 19.00h  &#8220;Herzlich tut mich erfreuen die fr\u00f6hlich\u00b4 Sommerzeit&#8221;"},"content":{"rendered":"<p>In Anbetracht der immer noch unsicheren Delta-Corona-Lage nehmen wir momentan von Pr\u00e4senz-Terminen weiterhin Abstand und bieten unsere Gesangs-Workshops\u00a0 vorerst wieder online \u00fcber ZOOM an.<\/p>\n<p>Anbei kommen also unsere ZOOM-Workshop-Angebote im September 2021, immer dienstags von 18.20h &#8211; 19.00h:<\/p>\n<p>Dienstag, 07.09.2021: &#8220;Herzlich tut mich erfreuen die fr\u00f6hlich`Sommerzeit!&#8221;<\/p>\n<p>Dienstag, 14.09.2021: &#8220;O du sch\u00f6ner Rosengarten&#8221;<\/p>\n<p>Dienstag, 21.09.2021: &#8220;Ich liebe dich, so wie du mich (Beethoven)&#8221;<\/p>\n<p>Die Bezahlung erfolgt pro Kurseinheit mit 25\u20ac oder als 5er-Abo f\u00fcr 100.-\u20ac per \u00dcberweisung unter dem Stichwort: ZOOM-Workshop Life Voicing.<\/p>\n<p>Vorgeschaltet gibt es jetzt auf vielfachen Wunsch jeweils eine Stimmbildungs-Einheit von 18.00h &#8211; 18.15h.<br \/>\nDiese k\u00f6nnt Ihr extra dazubuchen f\u00fcr 5.-\u20ac pro Termin.<\/p>\n<p>Die Anmeldung erfolgt per mail (felicitas.weyer@trio-a-due.de), whatsapp, sms (0172 2663315) oder telefonisch unter 0931 30518533.\u2028\u2028Die Details und den jeweiligen Link mit Texten und Notenmaterial senden wir Euch nach der Anmeldung zu.<\/p>\n<p>Wir w\u00fcnschen Euch eine wunderbare Sp\u00e4tsommerzeit, freuen uns schon sehr auf das ZOOM-Singen mit Euch und gr\u00fcssen Euch sehr herzlich<\/p>\n<p>Euer Trio A Due<\/p>\n<p>Almut Seebeck und Felicitas Weyer<\/p>\n","protected":false},"excerpt":{"rendered":"<p>In Anbetracht der immer noch unsicheren Delta-Corona-Lage nehmen wir momentan von Pr\u00e4senz-Terminen weiterhin Abstand und bieten unsere Gesangs-Workshops\u00a0 vorerst wieder online \u00fcber ZOOM an. Anbei kommen also unsere ZOOM-Workshop-Angebote im September 2021, immer dienstags von 18.20h &#8211; 19.00h: Dienstag, 07.09.2021: &#8220;Herzlich tut mich erfreuen die [&hellip;]<\/p>\n","protected":false},"author":2,"featured_media":545,"comment_status":"open","ping_status":"open","sticky":false,"template":"","format":"standard","meta":[],"categories":[3,8],"tags":[],"_links":{"self":[{"href":"https:\/\/www.trio-a-due.de\/index.php?rest_route=\/wp\/v2\/posts\/544"}],"collection":[{"href":"https:\/\/www.trio-a-due.de\/index.php?rest_route=\/wp\/v2\/posts"}],"about":[{"href":"https:\/\/www.trio-a-due.de\/index.php?rest_route=\/wp\/v2\/types\/post"}],"author":[{"embeddable":true,"href":"https:\/\/www.trio-a-due.de\/index.php?rest_route=\/wp\/v2\/users\/2"}],"replies":[{"embeddable":true,"href":"https:\/\/www.trio-a-due.de\/index.php?rest_route=%2Fwp%2Fv2%2Fcomments&post=544"}],"version-history":[{"count":5,"href":"https:\/\/www.trio-a-due.de\/index.php?rest_route=\/wp\/v2\/posts\/544\/revisions"}],"predecessor-version":[{"id":550,"href":"https:\/\/www.trio-a-due.de\/index.php?rest_route=\/wp\/v2\/posts\/544\/revisions\/550"}],"wp:featuredmedia":[{"embeddable":true,"href":"https:\/\/www.trio-a-due.de\/index.php?rest_route=\/wp\/v2\/media\/545"}],"wp:attachment":[{"href":"https:\/\/www.trio-a-due.de\/index.php?rest_route=%2Fwp%2Fv2%2Fmedia&parent=544"}],"wp:term":[{"taxonomy":"category","embeddable":true,"href":"https:\/\/www.trio-a-due.de\/index.php?rest_route=%2Fwp%2Fv2%2Fcategories&post=544"},{"taxonomy":"post_tag","embeddable":true,"href":"https:\/\/www.trio-a-due.de\/index.php?rest_route=%2Fwp%2Fv2%2Ftags&post=544"}],"curies":[{"name":"wp","href":"https:\/\/api.w.org\/{rel}","templated":true}]}}