{"id":720,"date":"2023-01-28T21:43:04","date_gmt":"2023-01-28T21:43:04","guid":{"rendered":"https:\/\/www.trio-a-due.de\/?p=720"},"modified":"2023-02-03T21:58:32","modified_gmt":"2023-02-03T21:58:32","slug":"zoom-gesangs-workshop-am-dienstag-14-02-2023-18-00h-18-15h-stimmbildungs-einheit-18-20h-19-00h-zoom-sing-workshop-bald-prangt-den-morgen-zu-verkuenden","status":"publish","type":"post","link":"https:\/\/www.trio-a-due.de\/?p=720","title":{"rendered":"ZOOM-Gesangs-Workshop am Dienstag, 14.02.2023: 18.00h-18.15h Stimmbildungs-Einheit, 18.20h- 19.00h ZOOM-Sing-Workshop \u201eBald prangt, den Morgen zu verk\u00fcnden&#8221;"},"content":{"rendered":"<p>Ihr Lieben\u2763\ufe0f<\/p>\n<p>Wir m\u00f6chten Euch sehr herzlich einladen zum ersten ZOOM-Workshop diesen Jahres am Dienstag, dem 14. Februar 2023\u00a0 mit vorgeschaltetem Einsingen von 18h &#8211; 19h: \u201eBald prangt, den Morgen zu verk\u00fcnden\u201c mit einer lebendigen musikalischen Mischung (Klassik, Gospel&#8230;).<\/p>\n<p>Die Bezahlung erfolgt wie bekannt pro Kurseinheit mit 25\u20ac oder als 5er-Abo f\u00fcr 100.-\u20ac per \u00dcberweisung unter dem Stichwort: ZOOM-Workshop Life Voicing.<br \/>\nVorgeschaltet gibt es jeweils eine Stimmbildungs-Einheit von 18.00h \u2013 18.15h, diese k\u00f6nnt Ihr extra dazubuchen f\u00fcr 5.-\u20ac pro Termin.<\/p>\n<p>Die Anmeldung erfolgt per mail (felicitas.weyer@trio-a-due.de), whatsapp, telegram, sms (0172 2663315) oder telefonisch unter 0931 30518533.<\/p>\n<p>Die Details und den jeweiligen Link mit Texten und Notenmaterial gibt es wie immer nach der Anmeldung per mail.<\/p>\n<p>Am Samstag, dem 11. M\u00e4rz 2023 findet endlich wieder ein Pr\u00e4senz-Tagesworkshop in Karlstadt am Main statt. Details findet Ihr \u00fcber diesen <a href=\"https:\/\/www.trio-a-due.de\/?p=710\">Link<\/a> .<\/p>\n<p>Wir freuen uns schon sehr auf das ZOOM-Singen mit Euch und gr\u00fcssen Euch sehr herzlich.<\/p>\n<p>Euer Trio A Due<br \/>\nAlmut Seebeck und Felicitas Weyer<\/p>\n","protected":false},"excerpt":{"rendered":"<p>Ihr Lieben\u2763\ufe0f Wir m\u00f6chten Euch sehr herzlich einladen zum ersten ZOOM-Workshop diesen Jahres am Dienstag, dem 14. Februar 2023\u00a0 mit vorgeschaltetem Einsingen von 18h &#8211; 19h: \u201eBald prangt, den Morgen zu verk\u00fcnden\u201c mit einer lebendigen musikalischen Mischung (Klassik, Gospel&#8230;). Die Bezahlung erfolgt wie bekannt pro [&hellip;]<\/p>\n","protected":false},"author":2,"featured_media":723,"comment_status":"open","ping_status":"open","sticky":false,"template":"","format":"standard","meta":[],"categories":[3,1],"tags":[],"_links":{"self":[{"href":"https:\/\/www.trio-a-due.de\/index.php?rest_route=\/wp\/v2\/posts\/720"}],"collection":[{"href":"https:\/\/www.trio-a-due.de\/index.php?rest_route=\/wp\/v2\/posts"}],"about":[{"href":"https:\/\/www.trio-a-due.de\/index.php?rest_route=\/wp\/v2\/types\/post"}],"author":[{"embeddable":true,"href":"https:\/\/www.trio-a-due.de\/index.php?rest_route=\/wp\/v2\/users\/2"}],"replies":[{"embeddable":true,"href":"https:\/\/www.trio-a-due.de\/index.php?rest_route=%2Fwp%2Fv2%2Fcomments&post=720"}],"version-history":[{"count":2,"href":"https:\/\/www.trio-a-due.de\/index.php?rest_route=\/wp\/v2\/posts\/720\/revisions"}],"predecessor-version":[{"id":722,"href":"https:\/\/www.trio-a-due.de\/index.php?rest_route=\/wp\/v2\/posts\/720\/revisions\/722"}],"wp:featuredmedia":[{"embeddable":true,"href":"https:\/\/www.trio-a-due.de\/index.php?rest_route=\/wp\/v2\/media\/723"}],"wp:attachment":[{"href":"https:\/\/www.trio-a-due.de\/index.php?rest_route=%2Fwp%2Fv2%2Fmedia&parent=720"}],"wp:term":[{"taxonomy":"category","embeddable":true,"href":"https:\/\/www.trio-a-due.de\/index.php?rest_route=%2Fwp%2Fv2%2Fcategories&post=720"},{"taxonomy":"post_tag","embeddable":true,"href":"https:\/\/www.trio-a-due.de\/index.php?rest_route=%2Fwp%2Fv2%2Ftags&post=720"}],"curies":[{"name":"wp","href":"https:\/\/api.w.org\/{rel}","templated":true}]}}